{"id":2745,"date":"2025-12-02T13:42:21","date_gmt":"2025-12-02T12:42:21","guid":{"rendered":"https:\/\/www.opec.pl\/bio\/?p=2745"},"modified":"2025-12-02T13:42:21","modified_gmt":"2025-12-02T12:42:21","slug":"targi-ptak-expo-2025","status":"publish","type":"post","link":"https:\/\/www.opec.pl\/bio\/?p=2745","title":{"rendered":"Targi Ptak Expo 2025"},"content":{"rendered":"<div class=\"xdj266r x14z9mp xat24cr x1lziwak x1vvkbs x126k92a\">\n<div dir=\"auto\"><span class=\"html-span xexx8yu xyri2b x18d9i69 x1c1uobl x1hl2dhg x16tdsg8 x1vvkbs x3nfvp2 x1j61x8r x1fcty0u xdj266r xat24cr xm2jcoa x1mpyi22 xxymvpz xlup9mm x1kky2od\"><img loading=\"lazy\" decoding=\"async\" class=\"xz74otr x15mokao x1ga7v0g x16uus16 xbiv7yw\" src=\"https:\/\/static.xx.fbcdn.net\/images\/emoji.php\/v9\/t69\/1\/16\/1f331.png\" alt=\"\ud83c\udf31\" width=\"16\" height=\"16\" \/><\/span>Jeste\u015bmy obecni na targach BIOAGRO Polska \/ Poultry-Tech \/ Fruit Poland, kt\u00f3re odb\u0119d\u0105 si\u0119 w dniach 2\u20134 grudnia w Warszawie.<\/p>\n<\/div>\n<\/div>\n<div class=\"x14z9mp xat24cr x1lziwak x1vvkbs xtlvy1s x126k92a\">\n<div dir=\"auto\"><span class=\"html-span xexx8yu xyri2b x18d9i69 x1c1uobl x1hl2dhg x16tdsg8 x1vvkbs x3nfvp2 x1j61x8r x1fcty0u xdj266r xat24cr xm2jcoa x1mpyi22 xxymvpz xlup9mm x1kky2od\"><img loading=\"lazy\" decoding=\"async\" class=\"xz74otr x15mokao x1ga7v0g x16uus16 xbiv7yw\" src=\"https:\/\/static.xx.fbcdn.net\/images\/emoji.php\/v9\/t51\/1\/16\/1f449.png\" alt=\"\ud83d\udc49\" width=\"16\" height=\"16\" \/><\/span>To presti\u017cowe wydarzenie bran\u017cowe, kt\u00f3re przyci\u0105ga producent\u00f3w, ekspert\u00f3w i lider\u00f3w sektora rolniczego, bioenergetycznego oraz hodowlanego. Targi daj\u0105 wyj\u0105tkow\u0105 mo\u017cliwo\u015b\u0107 poznania najnowszych trend\u00f3w, technologii i innowacyjnych rozwi\u0105za\u0144 w bran\u017cy.<\/p>\n<\/div>\n<\/div>\n<div class=\"x14z9mp xat24cr x1lziwak x1vvkbs xtlvy1s x126k92a\">\n<div dir=\"auto\"><span class=\"html-span xexx8yu xyri2b x18d9i69 x1c1uobl x1hl2dhg x16tdsg8 x1vvkbs x3nfvp2 x1j61x8r x1fcty0u xdj266r xat24cr xm2jcoa x1mpyi22 xxymvpz xlup9mm x1kky2od\"><img loading=\"lazy\" decoding=\"async\" class=\"xz74otr x15mokao x1ga7v0g x16uus16 xbiv7yw\" src=\"https:\/\/static.xx.fbcdn.net\/images\/emoji.php\/v9\/t64\/1\/16\/1f91d.png\" alt=\"\ud83e\udd1d\" width=\"16\" height=\"16\" \/><\/span>To doskona\u0142a okazja, aby zaprezentowa\u0107 nasz pellet z biomasy agro, pokaza\u0107 jego zalety i praktyczne mo\u017cliwo\u015bci zastosowania, a tak\u017ce wymieni\u0107 si\u0119 do\u015bwiadczeniami.<\/div>\n<\/div>\n<div class=\"x14z9mp xat24cr x1lziwak x1vvkbs xtlvy1s x126k92a\">\n<div dir=\"auto\"><\/div>\n<div dir=\"auto\"><span class=\"html-span xexx8yu xyri2b x18d9i69 x1c1uobl x1hl2dhg x16tdsg8 x1vvkbs x3nfvp2 x1j61x8r x1fcty0u xdj266r xat24cr xm2jcoa x1mpyi22 xxymvpz xlup9mm x1kky2od\"><br \/>\n<img loading=\"lazy\" decoding=\"async\" class=\"xz74otr x15mokao x1ga7v0g x16uus16 xbiv7yw\" src=\"https:\/\/static.xx.fbcdn.net\/images\/emoji.php\/v9\/tfa\/1\/16\/1f44b.png\" alt=\"\ud83d\udc4b\" width=\"16\" height=\"16\" \/><\/span>Zapraszamy na nasze stoisko B3.42, gdzie ch\u0119tnie opowiemy o naszych produktach, odpowiemy na pytania i porozmawiamy o wsp\u00f3\u0142pracy.<\/div>\n<\/div>\n<div class=\"x14z9mp xat24cr x1lziwak x1vvkbs xtlvy1s x126k92a\">\n<div dir=\"auto\"><\/div>\n<\/div>\n","protected":false},"excerpt":{"rendered":"<p>Jeste\u015bmy obecni na targach BIOAGRO Polska \/ Poultry-Tech \/ Fruit Poland, kt\u00f3re odb\u0119d\u0105 si\u0119 w dniach 2\u20134 grudnia w Warszawie. To presti\u017cowe wydarzenie bran\u017cowe, kt\u00f3re przyci\u0105ga producent\u00f3w, ekspert\u00f3w i lider\u00f3w sektora rolniczego, bioenergetycznego oraz hodowlanego. Targi daj\u0105 wyj\u0105tkow\u0105 mo\u017cliwo\u015b\u0107 poznania najnowszych trend\u00f3w, technologii i innowacyjnych rozwi\u0105za\u0144 w bran\u017cy. To doskona\u0142a okazja, aby zaprezentowa\u0107 nasz pellet [&hellip;]<\/p>\n","protected":false},"author":6,"featured_media":0,"comment_status":"closed","ping_status":"closed","sticky":false,"template":"","format":"standard","meta":{"footnotes":""},"categories":[1],"tags":[37],"class_list":["post-2745","post","type-post","status-publish","format-standard","hentry","category-aktualnosci","tag-opecbio-ptakexpo-warsawexpo-pelletagro-biomasa"],"_links":{"self":[{"href":"https:\/\/www.opec.pl\/bio\/index.php?rest_route=\/wp\/v2\/posts\/2745","targetHints":{"allow":["GET"]}}],"collection":[{"href":"https:\/\/www.opec.pl\/bio\/index.php?rest_route=\/wp\/v2\/posts"}],"about":[{"href":"https:\/\/www.opec.pl\/bio\/index.php?rest_route=\/wp\/v2\/types\/post"}],"author":[{"embeddable":true,"href":"https:\/\/www.opec.pl\/bio\/index.php?rest_route=\/wp\/v2\/users\/6"}],"replies":[{"embeddable":true,"href":"https:\/\/www.opec.pl\/bio\/index.php?rest_route=%2Fwp%2Fv2%2Fcomments&post=2745"}],"version-history":[{"count":5,"href":"https:\/\/www.opec.pl\/bio\/index.php?rest_route=\/wp\/v2\/posts\/2745\/revisions"}],"predecessor-version":[{"id":2755,"href":"https:\/\/www.opec.pl\/bio\/index.php?rest_route=\/wp\/v2\/posts\/2745\/revisions\/2755"}],"wp:attachment":[{"href":"https:\/\/www.opec.pl\/bio\/index.php?rest_route=%2Fwp%2Fv2%2Fmedia&parent=2745"}],"wp:term":[{"taxonomy":"category","embeddable":true,"href":"https:\/\/www.opec.pl\/bio\/index.php?rest_route=%2Fwp%2Fv2%2Fcategories&post=2745"},{"taxonomy":"post_tag","embeddable":true,"href":"https:\/\/www.opec.pl\/bio\/index.php?rest_route=%2Fwp%2Fv2%2Ftags&post=2745"}],"curies":[{"name":"wp","href":"https:\/\/api.w.org\/{rel}","templated":true}]}}