{"id":1445,"date":"2023-04-20T15:14:39","date_gmt":"2023-04-20T13:14:39","guid":{"rendered":"https:\/\/dev.opec.pl\/?p=1445"},"modified":"2023-12-27T14:02:42","modified_gmt":"2023-12-27T13:02:42","slug":"zmiana-taryfy","status":"publish","type":"post","link":"https:\/\/www.opec.pl\/termo\/?p=1445","title":{"rendered":"Zmiana taryfy"},"content":{"rendered":"<p>Z dniem 1.05.2023 roku sp\u00f3\u0142ka OPEC GRUDZI\u0104DZ wprowadzi do stosowania zmiany Taryfy dla ciep\u0142a. Zmiany s\u0105 wynikiem og\u0142oszonych przez Prezesa Urz\u0119du Regulacji Energetyki w dniu 30 marca 2023 roku \u015brednich cen sprzeda\u017cy ciep\u0142a za rok 2022 oraz nowych wska\u017anik\u00f3w referencyjnych dla poszczeg\u00f3lnych rodzaj\u00f3w paliw. Ceny ciep\u0142a okre\u015blone w taryfie dla odbiorc\u00f3w pod\u0142\u0105czonych do miejskiej sieci ciep\u0142owniczej wzrosn\u0105 \u015brednio o 2,6% (3,77 z\u0142\/GJ netto).<\/p>\n<p>Zgodnie z zapisami Ustawy z dnia 8 lutego 2023 r. o zmianie ustawy o szczeg\u00f3lnych rozwi\u0105zaniach w zakresie niekt\u00f3rych \u017ar\u00f3de\u0142 ciep\u0142a w zwi\u0105zku z sytuacj\u0105 na rynku paliw oraz niekt\u00f3rych innych ustaw, sp\u00f3\u0142ka OPEC GRUDZI\u0104DZ w dalszym ci\u0105gu b\u0119dzie stosowa\u0142a w rozliczeniach z odbiorcami uprawnionymi cen\u0119 najni\u017csz\u0105 z trzech cen okre\u015blonych w ustawie, tj. \u015bredni\u0105 cen\u0119 wytwarzania ciep\u0142a z rekompensat\u0105 powi\u0119kszon\u0105 o \u015brednie stawki op\u0142at za us\u0142ugi przesy\u0142owe. W przypadku odbiorc\u00f3w uprawnionych oznacza to \u015bredni wzrost ceny zakupu ciep\u0142a o 0,44 z\u0142\/GJ netto, czyli \u015brednio o 0,31%. Odbiorcami uprawnionymi s\u0105 gospodarstwa domowe, szpitale, \u017c\u0142obki, przedszkola, szko\u0142y, domy pomocy spo\u0142ecznej i inne instytucje u\u017cyteczno\u015bci publicznej, wsp\u00f3lnoty mieszkaniowe, sp\u00f3\u0142dzielnie mieszkaniowe, kt\u00f3re zapewniaj\u0105 dostawy ciep\u0142a do lokali mieszkalnych i lokali instytucji u\u017cyteczno\u015bci publicznej. Wynika z tego, \u017ce wszyscy mieszka\u0144cy Grudzi\u0105dza s\u0105 odbiorcami uprawnionymi. \u015arednia cena wytwarzania ciep\u0142a z rekompensat\u0105 powi\u0119kszona o \u015brednie stawki za us\u0142ugi przesy\u0142owe b\u0119dzie ni\u017csza od dopuszczalnej maksymalnej ceny dostawy ciep\u0142a o 9,25 z\u0142\/GJ, czyli 6,1%.<\/p>\n","protected":false},"excerpt":{"rendered":"<p>Z dniem 1.05.2023 roku sp\u00f3\u0142ka OPEC GRUDZI\u0104DZ wprowadzi do stosowania zmiany Taryfy dla ciep\u0142a. Zmiany s\u0105 wynikiem og\u0142oszonych przez Prezesa Urz\u0119du Regulacji Energetyki w dniu 30 marca 2023 roku \u015brednich cen sprzeda\u017cy ciep\u0142a za rok 2022 oraz nowych wska\u017anik\u00f3w referencyjnych dla poszczeg\u00f3lnych rodzaj\u00f3w paliw. Ceny ciep\u0142a okre\u015blone w taryfie dla odbiorc\u00f3w pod\u0142\u0105czonych do miejskiej sieci [&hellip;]<\/p>\n","protected":false},"author":5,"featured_media":1347,"comment_status":"closed","ping_status":"closed","sticky":false,"template":"","format":"standard","meta":{"footnotes":""},"categories":[1],"tags":[],"class_list":["post-1445","post","type-post","status-publish","format-standard","has-post-thumbnail","hentry","category-aktualnosci"],"_links":{"self":[{"href":"https:\/\/www.opec.pl\/termo\/index.php?rest_route=\/wp\/v2\/posts\/1445","targetHints":{"allow":["GET"]}}],"collection":[{"href":"https:\/\/www.opec.pl\/termo\/index.php?rest_route=\/wp\/v2\/posts"}],"about":[{"href":"https:\/\/www.opec.pl\/termo\/index.php?rest_route=\/wp\/v2\/types\/post"}],"author":[{"embeddable":true,"href":"https:\/\/www.opec.pl\/termo\/index.php?rest_route=\/wp\/v2\/users\/5"}],"replies":[{"embeddable":true,"href":"https:\/\/www.opec.pl\/termo\/index.php?rest_route=%2Fwp%2Fv2%2Fcomments&post=1445"}],"version-history":[{"count":2,"href":"https:\/\/www.opec.pl\/termo\/index.php?rest_route=\/wp\/v2\/posts\/1445\/revisions"}],"predecessor-version":[{"id":2386,"href":"https:\/\/www.opec.pl\/termo\/index.php?rest_route=\/wp\/v2\/posts\/1445\/revisions\/2386"}],"wp:featuredmedia":[{"embeddable":true,"href":"https:\/\/www.opec.pl\/termo\/index.php?rest_route=\/wp\/v2\/media\/1347"}],"wp:attachment":[{"href":"https:\/\/www.opec.pl\/termo\/index.php?rest_route=%2Fwp%2Fv2%2Fmedia&parent=1445"}],"wp:term":[{"taxonomy":"category","embeddable":true,"href":"https:\/\/www.opec.pl\/termo\/index.php?rest_route=%2Fwp%2Fv2%2Fcategories&post=1445"},{"taxonomy":"post_tag","embeddable":true,"href":"https:\/\/www.opec.pl\/termo\/index.php?rest_route=%2Fwp%2Fv2%2Ftags&post=1445"}],"curies":[{"name":"wp","href":"https:\/\/api.w.org\/{rel}","templated":true}]}}