{"id":1644,"date":"2023-09-22T10:54:39","date_gmt":"2023-09-22T08:54:39","guid":{"rendered":"https:\/\/dev.opec.pl\/?p=1644"},"modified":"2023-09-22T10:54:39","modified_gmt":"2023-09-22T08:54:39","slug":"rozwijamy-cieplo-systemowe","status":"publish","type":"post","link":"https:\/\/www.opec.pl\/termo\/?p=1644","title":{"rendered":"Rozwijamy ciep\u0142o systemowe"},"content":{"rendered":"<p>Zasilenie ciep\u0142em systemowym jednego z wi\u0119kszych obszar\u00f3w handlowych w Grudzi\u0105dzu to kolejna inwestycja OPEC-u. Na zamian\u0119 \u017ar\u00f3d\u0142a gazowego na ciep\u0142o systemowe zdecydowa\u0142y si\u0119 markety sieci handlowych przy ul. Konarskiego: Castorama, Carrefour oraz obiekt lokalnego inwestora. Pierwsze ciep\u0142o pop\u0142ynie ju\u017c na pocz\u0105tku pa\u017adziernika br. \u0141\u0105czna moc zam\u00f3wiona wynikaj\u0105ca z pod\u0142\u0105czenia obszaru to 1,5 MW.<\/p>\n<p>W ramach inwestycji zniknie tak\u017ce komin kot\u0142owni zasilaj\u0105cej Miejski Klub Sportowy \u201eStart\u201d. Nowa przestrze\u0144, wolna od dymu i zanieczyszcze\u0144 przys\u0142u\u017cy si\u0119 mieszka\u0144com okolicy oraz nowemu osiedlu przy ul. Czortka. Powstaj\u0105ce tam 2 bloki, jak wi\u0119kszo\u015b\u0107 inwestycji deweloperskich b\u0119d\u0105 korzysta\u0142y z ciep\u0142a systemowego.<\/p>\n<p>Ca\u0142y czas powi\u0119kszamy obszar Grudzi\u0105dza korzystaj\u0105cy z zasob\u00f3w miejskiej Elektrociep\u0142owni. Na prze\u0142omie 2023\/2024 roku ciep\u0142o systemowe zadba o komfort Klient\u00f3w na Rz\u0105dzu w nowopowstaj\u0105cych obiektach sieci Biedronka oraz Aldi.<\/p>\n","protected":false},"excerpt":{"rendered":"<p>Zasilenie ciep\u0142em systemowym jednego z wi\u0119kszych obszar\u00f3w handlowych w Grudzi\u0105dzu to kolejna inwestycja OPEC-u. Na zamian\u0119 \u017ar\u00f3d\u0142a gazowego na ciep\u0142o systemowe zdecydowa\u0142y si\u0119 markety sieci handlowych przy ul. Konarskiego: Castorama, Carrefour oraz obiekt lokalnego inwestora. Pierwsze ciep\u0142o pop\u0142ynie ju\u017c na pocz\u0105tku pa\u017adziernika br. \u0141\u0105czna moc zam\u00f3wiona wynikaj\u0105ca z pod\u0142\u0105czenia obszaru to 1,5 MW. W ramach [&hellip;]<\/p>\n","protected":false},"author":5,"featured_media":1645,"comment_status":"closed","ping_status":"closed","sticky":false,"template":"","format":"standard","meta":{"footnotes":""},"categories":[1],"tags":[],"class_list":["post-1644","post","type-post","status-publish","format-standard","has-post-thumbnail","hentry","category-aktualnosci"],"_links":{"self":[{"href":"https:\/\/www.opec.pl\/termo\/index.php?rest_route=\/wp\/v2\/posts\/1644","targetHints":{"allow":["GET"]}}],"collection":[{"href":"https:\/\/www.opec.pl\/termo\/index.php?rest_route=\/wp\/v2\/posts"}],"about":[{"href":"https:\/\/www.opec.pl\/termo\/index.php?rest_route=\/wp\/v2\/types\/post"}],"author":[{"embeddable":true,"href":"https:\/\/www.opec.pl\/termo\/index.php?rest_route=\/wp\/v2\/users\/5"}],"replies":[{"embeddable":true,"href":"https:\/\/www.opec.pl\/termo\/index.php?rest_route=%2Fwp%2Fv2%2Fcomments&post=1644"}],"version-history":[{"count":1,"href":"https:\/\/www.opec.pl\/termo\/index.php?rest_route=\/wp\/v2\/posts\/1644\/revisions"}],"predecessor-version":[{"id":1646,"href":"https:\/\/www.opec.pl\/termo\/index.php?rest_route=\/wp\/v2\/posts\/1644\/revisions\/1646"}],"wp:featuredmedia":[{"embeddable":true,"href":"https:\/\/www.opec.pl\/termo\/index.php?rest_route=\/wp\/v2\/media\/1645"}],"wp:attachment":[{"href":"https:\/\/www.opec.pl\/termo\/index.php?rest_route=%2Fwp%2Fv2%2Fmedia&parent=1644"}],"wp:term":[{"taxonomy":"category","embeddable":true,"href":"https:\/\/www.opec.pl\/termo\/index.php?rest_route=%2Fwp%2Fv2%2Fcategories&post=1644"},{"taxonomy":"post_tag","embeddable":true,"href":"https:\/\/www.opec.pl\/termo\/index.php?rest_route=%2Fwp%2Fv2%2Ftags&post=1644"}],"curies":[{"name":"wp","href":"https:\/\/api.w.org\/{rel}","templated":true}]}}