{"id":1693,"date":"2023-09-18T10:23:18","date_gmt":"2023-09-18T08:23:18","guid":{"rendered":"https:\/\/dev.opec.pl\/?p=1693"},"modified":"2023-12-27T14:03:48","modified_gmt":"2023-12-27T13:03:48","slug":"20-stopni-dla-oszczednosci","status":"publish","type":"post","link":"https:\/\/www.opec.pl\/termo\/?p=1693","title":{"rendered":"20 stopni dla oszcz\u0119dno\u015bci"},"content":{"rendered":"<p>Idealna temperatura mieszkania i pracy to 20 stopni. W dzisiejszych czasach to komfort, na kt\u00f3ry mo\u017cemy sobie pozwoli\u0107. Je\u015bli chcemy racjonalnie korzysta\u0107 z ciep\u0142a, nie powinni\u015bmy przekracza\u0107 tej warto\u015bci.<\/p>\n<p>Nie trzeba wielkich inwestycji, by zapanowa\u0107 nad temperatur\u0105 w mieszkaniu. Wystarczy zastosowa\u0107 kilka prostych wskaz\u00f3wek, kt\u00f3re pomog\u0105 obni\u017cy\u0107 zu\u017cycie ciep\u0142a i wysoko\u015b\u0107 rachunk\u00f3w.<\/p>\n","protected":false},"excerpt":{"rendered":"<p>Idealna temperatura mieszkania i pracy to 20 stopni. W dzisiejszych czasach to komfort, na kt\u00f3ry mo\u017cemy sobie pozwoli\u0107. Je\u015bli chcemy racjonalnie korzysta\u0107 z ciep\u0142a, nie powinni\u015bmy przekracza\u0107 tej warto\u015bci. Nie trzeba wielkich inwestycji, by zapanowa\u0107 nad temperatur\u0105 w mieszkaniu. Wystarczy zastosowa\u0107 kilka prostych wskaz\u00f3wek, kt\u00f3re pomog\u0105 obni\u017cy\u0107 zu\u017cycie ciep\u0142a i wysoko\u015b\u0107 rachunk\u00f3w.<\/p>\n","protected":false},"author":5,"featured_media":1215,"comment_status":"closed","ping_status":"closed","sticky":false,"template":"","format":"standard","meta":{"footnotes":""},"categories":[1],"tags":[],"class_list":["post-1693","post","type-post","status-publish","format-standard","has-post-thumbnail","hentry","category-aktualnosci"],"_links":{"self":[{"href":"https:\/\/www.opec.pl\/termo\/index.php?rest_route=\/wp\/v2\/posts\/1693","targetHints":{"allow":["GET"]}}],"collection":[{"href":"https:\/\/www.opec.pl\/termo\/index.php?rest_route=\/wp\/v2\/posts"}],"about":[{"href":"https:\/\/www.opec.pl\/termo\/index.php?rest_route=\/wp\/v2\/types\/post"}],"author":[{"embeddable":true,"href":"https:\/\/www.opec.pl\/termo\/index.php?rest_route=\/wp\/v2\/users\/5"}],"replies":[{"embeddable":true,"href":"https:\/\/www.opec.pl\/termo\/index.php?rest_route=%2Fwp%2Fv2%2Fcomments&post=1693"}],"version-history":[{"count":4,"href":"https:\/\/www.opec.pl\/termo\/index.php?rest_route=\/wp\/v2\/posts\/1693\/revisions"}],"predecessor-version":[{"id":2387,"href":"https:\/\/www.opec.pl\/termo\/index.php?rest_route=\/wp\/v2\/posts\/1693\/revisions\/2387"}],"wp:featuredmedia":[{"embeddable":true,"href":"https:\/\/www.opec.pl\/termo\/index.php?rest_route=\/wp\/v2\/media\/1215"}],"wp:attachment":[{"href":"https:\/\/www.opec.pl\/termo\/index.php?rest_route=%2Fwp%2Fv2%2Fmedia&parent=1693"}],"wp:term":[{"taxonomy":"category","embeddable":true,"href":"https:\/\/www.opec.pl\/termo\/index.php?rest_route=%2Fwp%2Fv2%2Fcategories&post=1693"},{"taxonomy":"post_tag","embeddable":true,"href":"https:\/\/www.opec.pl\/termo\/index.php?rest_route=%2Fwp%2Fv2%2Ftags&post=1693"}],"curies":[{"name":"wp","href":"https:\/\/api.w.org\/{rel}","templated":true}]}}